{"id":25859,"date":"2026-08-21T16:18:06","date_gmt":"2026-08-21T13:18:06","guid":{"rendered":"https:\/\/unicount.eu\/?p=25859"},"modified":"2026-08-24T11:09:39","modified_gmt":"2026-08-24T08:09:39","slug":"yurtdisinda-yasarken-estonya-sirketinden-temettu","status":"publish","type":"post","link":"https:\/\/unicount.eu\/tr\/yurtdisinda-yasarken-estonya-sirketinden-temettu\/","title":{"rendered":"Yurt d\u0131\u015f\u0131nda ya\u015farken Estonya \u015firketimden kendime temett\u00fc \u00f6deyebilir miyim?"},"content":{"rendered":"\n<p>K\u0131sa cevap: Evet. Estonya, ister ger\u00e7ek ki\u015fi ister \u015firket olsun, yerle\u015fik olmayan ortaklara \u00f6denen temett\u00fclerden herhangi bir stopaj vergisi kesmez. Estonya O\u00dc&#8217;niz k\u00e2r da\u011f\u0131tt\u0131\u011f\u0131nda \u015firket d\u00fczeyinde gelir vergisi \u00f6der ve net tutar\u0131n tamam\u0131 ki\u015fisel hesab\u0131n\u0131za ula\u015f\u0131r. Bu temett\u00fcye ikamet etti\u011finiz \u00fclkenin sonras\u0131nda ne yapaca\u011f\u0131 Estonya&#8217;n\u0131n de\u011fil, o \u00fclkenin kendi vergi kurallar\u0131na ba\u011fl\u0131d\u0131r.<\/p>\n\n\n\n<p>Bu, \u015firketleri k\u00e2r etmeye ba\u015flad\u0131\u011f\u0131nda e-resident kurucular\u0131n en s\u0131k sordu\u011fu sorulardan biri, bu y\u00fczden s\u00fcrecin tam olarak nas\u0131l i\u015fledi\u011fini anlatmakta fayda var.<\/p>\n\n\n\n<!--more-->\n\n\n\n<p><\/p>\n\n\n\n<h2 class=\"wp-block-heading\" id=\"h-2026-da-estonya-da-temettu-vergisi-nasil-isliyor\"><strong>2026&#8217;da Estonya&#8217;da temett\u00fc vergisi nas\u0131l i\u015fliyor<\/strong><\/h2>\n\n\n\n<p>Estonya, \u015firket k\u00e2r\u0131n\u0131 kazan\u0131ld\u0131\u011f\u0131 anda de\u011fil, \u015firketten \u00e7\u0131kt\u0131\u011f\u0131 anda vergilendirir. K\u00e2r, yeniden yat\u0131r\u0131ma d\u00f6n\u00fc\u015ft\u00fcr\u00fclerek ya da basit\u00e7e tutularak O\u00dc i\u00e7inde kald\u0131\u011f\u0131 s\u00fcrece hi\u00e7bir vergi do\u011fmaz. \u015eirket bu k\u00e2r\u0131 temett\u00fc olarak da\u011f\u0131tt\u0131\u011f\u0131 anda, br\u00fct da\u011f\u0131t\u0131m\u0131n yakla\u015f\u0131k y\u00fczde 22&#8217;sine denk gelen 22\/78 oran\u0131nda gelir vergisi \u00f6der.<\/p>\n\n\n\n<p>Bu kural 2025 ba\u015f\u0131nda de\u011fi\u015fti. Daha \u00f6nce, birka\u00e7 y\u0131l boyunca d\u00fczenli olarak temett\u00fc da\u011f\u0131tan \u015firketler indirimli 14\/86 oran\u0131ndan yararlanabiliyordu. Bu indirimli oran art\u0131k ge\u00e7erli de\u011fil. 2025&#8217;ten itibaren, \u015firketin temett\u00fcy\u00fc ne s\u0131kl\u0131kla da\u011f\u0131tt\u0131\u011f\u0131ndan ba\u011f\u0131ms\u0131z olarak, her temett\u00fc da\u011f\u0131t\u0131m\u0131 \u015firket d\u00fczeyinde standart 22\/78 oran\u0131nda vergilendirilir.<\/p>\n\n\n\n<p>2025&#8217;ten \u00f6nce eski 14\/86 oran\u0131ndan zaten vergilendirilmi\u015f da\u011f\u0131t\u0131lmam\u0131\u015f k\u00e2rlar i\u00e7in bir ge\u00e7i\u015f h\u00fckm\u00fc bulunuyor. O\u00dc&#8217;nizde bu de\u011fi\u015fiklikten \u00f6nceki d\u00f6neme ait k\u00e2r varsa, bunun bir k\u0131sm\u0131n\u0131n h\u00e2l\u00e2 ge\u00e7i\u015f kurallar\u0131na tabi olup olmad\u0131\u011f\u0131n\u0131 muhasebecinizle kontrol edin.<\/p>\n\n\n\n<p><\/p>\n\n\n\n<h2 class=\"wp-block-heading\" id=\"h-estonya-sinirinda-ne-oluyor\"><strong>Estonya s\u0131n\u0131r\u0131nda ne oluyor<\/strong><\/h2>\n\n\n\n<p>\u0130\u015fte bir\u00e7ok kurucuyu \u015fa\u015f\u0131rtan k\u0131s\u0131m. \u015eirketiniz bir temett\u00fc \u00fczerinden 22\/78 vergisini \u00f6dedikten sonra, siz \u00fclke d\u0131\u015f\u0131nda ya\u015f\u0131yor olsan\u0131z bile Estonya \u00f6demeden ba\u015fka bir \u015fey kesmez. e-Residency&#8217;niz olsun, AB&#8217;de ya\u015f\u0131yor olun ya da d\u00fcnyan\u0131n herhangi bir yerinde ya\u015fay\u0131n, yerle\u015fik olmayan bir orta\u011fa yap\u0131lan transferde ek bir stopaj uygulanmaz.<\/p>\n\n\n\n<p>Pratikte bu \u015fu anlama gelir: ortaklar karar\u0131 imzalan\u0131r, \u015firket bir sonraki ay\u0131n onuncu g\u00fcn\u00fcne kadar 22\/78 vergisini beyan edip \u00f6der ve net tutar\u0131n tamam\u0131 hesab\u0131n\u0131za aktar\u0131l\u0131r. \u00c7\u0131k\u0131\u015f s\u0131ras\u0131nda ikinci kez hi\u00e7bir \u015fey kesilmez.<\/p>\n\n\n\n<p><\/p>\n\n\n\n<h2 class=\"wp-block-heading\" id=\"h-temettu-size-ulastiktan-sonra-ne-oluyor\"><strong>Temett\u00fc size ula\u015ft\u0131ktan sonra ne oluyor<\/strong><\/h2>\n\n\n\n<p>Estonya kurallar\u0131n\u0131n bitti\u011fi ve kendi \u00fclkenizin kurallar\u0131n\u0131n ba\u015flad\u0131\u011f\u0131 yer buras\u0131. \u00c7o\u011fu \u00fclke, yerle\u015fiklerini d\u00fcnya \u00e7ap\u0131ndaki gelirleri \u00fczerinden vergilendirir ve bu genellikle yabanc\u0131 temett\u00fcleri de kapsar. Yani Estonya \u00f6demeyle i\u015fini bitirmi\u015f olsa da, ya\u015fad\u0131\u011f\u0131n\u0131z \u00fclkenin vergi idaresi bu temett\u00fcy\u00fc beyan etmenizi ve kendi gelir vergisi kurallar\u0131na g\u00f6re vergi \u00f6demenizi bekliyor olabilir.<\/p>\n\n\n\n<p>Ba\u015fka bir \u015fey bor\u00e7lu olup olmayaca\u011f\u0131n\u0131z ve ne kadar bor\u00e7lu olaca\u011f\u0131n\u0131z tamamen vergi mukimi oldu\u011funuz yere ba\u011fl\u0131d\u0131r. Baz\u0131 \u00fclkeler, \u00e7ifte vergilendirme anla\u015fmas\u0131 ya da i\u00e7 hukuktaki yabanc\u0131 vergi kredisi kural\u0131 yoluyla, yurt d\u0131\u015f\u0131nda \u015firket d\u00fczeyinde zaten \u00f6denmi\u015f vergi i\u00e7in indirim sa\u011flar. Di\u011ferleri ise temett\u00fcy\u00fc, Estonya&#8217;n\u0131n zaten tahsil etti\u011fi vergiye dair herhangi bir d\u00fczeltme yapmadan s\u0131radan gelir olarak vergilendirir. Bu, \u00fclkeler aras\u0131nda tek bir genel cevap vermeyi imkans\u0131z k\u0131lacak kadar de\u011fi\u015fkendir. Bu tam olarak, planlaman\u0131zda g\u00fcvenmeden \u00f6nce yerel bir muhasebeci ya da vergi dan\u0131\u015fman\u0131na sorman\u0131z gereken t\u00fcrden bir soru.<\/p>\n\n\n\n<p>T\u00fcrk kurucular i\u00e7in bu konular\u0131 <a href=\"https:\/\/unicount.eu\/tr\/turkiyeden-estonya-sirketi-kurma-2026\/\">T\u00fcrk kurucular i\u00e7in rehberimizde<\/a> detayl\u0131 olarak ele al\u0131yoruz.<\/p>\n\n\n\n<p><\/p>\n\n\n\n<h2 class=\"wp-block-heading\" id=\"h-temettu-odemeden-once-neye-ihtiyaciniz-var\"><strong>Temett\u00fc \u00f6demeden \u00f6nce neye ihtiyac\u0131n\u0131z var<\/strong><\/h2>\n\n\n\n<p>Nerede ya\u015fad\u0131\u011f\u0131n\u0131zdan ba\u011f\u0131ms\u0131z olarak ge\u00e7erli birka\u00e7 pratik gereklilik var.<\/p>\n\n\n\n<ul class=\"wp-block-list\">\n<li>Bir temett\u00fc da\u011f\u0131t\u0131m\u0131n\u0131n hukuka uygun olabilmesi i\u00e7in \u015firketinizin onaylanm\u0131\u015f bir y\u0131ll\u0131k raporu olmas\u0131 gerekir. Son mali y\u0131l\u0131n\u0131z hen\u00fcz beyan edilip onaylanmad\u0131ysa, \u00f6nce bunun yap\u0131lmas\u0131 gerekir.<\/li>\n<\/ul>\n\n\n\n<ul class=\"wp-block-list\">\n<li>Da\u011f\u0131t\u0131m\u0131n ortaklar taraf\u0131ndan resmi olarak kararla\u015ft\u0131r\u0131lmas\u0131, belgelenmesi ve standart TSD beyannamesi yoluyla Estonya Vergi ve G\u00fcmr\u00fck \u0130daresi&#8217;ne bildirilmesi gerekir.<\/li>\n<\/ul>\n\n\n\n<ul class=\"wp-block-list\">\n<li>\u015eirketin, da\u011f\u0131t\u0131m\u0131 kar\u015f\u0131layacak kadar da\u011f\u0131t\u0131lmam\u0131\u015f k\u00e2r veya cari y\u0131l k\u00e2r\u0131 olmas\u0131 gerekir. Estonya, sermaye pay\u0131ndan temett\u00fc \u00f6denmesine izin vermez.<\/li>\n<\/ul>\n\n\n\n<p><\/p>\n\n\n\n<h2 class=\"wp-block-heading\" id=\"h-pratik-bir-ornek\"><strong>Pratik bir \u00f6rnek<\/strong><\/h2>\n\n\n\n<p>O\u00dc&#8217;nizin tek ortak olarak size 10.000 avroluk net bir temett\u00fc \u00f6demek istedi\u011fini varsayal\u0131m. \u015eirket, 22\/78 oran\u0131nda 2.820 avro gelir vergisi hesaplar ve \u00f6der, ve 10.000 avronun tamam\u0131 Estonya taraf\u0131ndan ba\u015fka hi\u00e7bir kesinti yap\u0131lmadan hesab\u0131n\u0131za ula\u015f\u0131r. Bu 10.000 avro ile evinizdeki ki\u015fisel vergi beyannamenizde ne yapaca\u011f\u0131n\u0131z, tamamen ya\u015fad\u0131\u011f\u0131n\u0131z \u00fclkenin kurallar\u0131na tabi ayr\u0131 bir konudur.<\/p>\n\n\n\n<p><\/p>\n\n\n\n<h2 class=\"wp-block-heading\" id=\"h-sikca-sorulan-sorular\"><strong>S\u0131k\u00e7a sorulan sorular<\/strong><\/h2>\n\n\n\n<p><strong>Estonya e-residency&#8217;sine sahip olmam m\u0131 yoksa sadece e-Residency olmadan ortak olmam m\u0131 fark eder?<\/strong> Hay\u0131r. Temett\u00fcn\u00fcn \u015firket d\u00fczeyinde vergilendirilmesi ve Estonya stopaj\u0131n\u0131n bulunmamas\u0131, e-Residency durumunuzdan ba\u011f\u0131ms\u0131z olarak ayn\u0131 \u015fekilde uygulan\u0131r. e-Residency, \u015firketi uzaktan y\u00f6netmenizi sa\u011flayan dijital bir kimliktir, temett\u00fclerin nas\u0131l vergilendirildi\u011fini de\u011fi\u015ftirmez.<\/p>\n\n\n\n<p><strong>Estonya \u015firketim 22\/78 vergisinden tamamen ka\u00e7\u0131nabilir mi?<\/strong> Hay\u0131r. Bu vergi, mevcut kurallara g\u00f6re istisnas\u0131z olarak k\u00e2r temett\u00fc \u015feklinde da\u011f\u0131t\u0131ld\u0131\u011f\u0131 anda uygulan\u0131r. Bundan ka\u00e7\u0131nman\u0131n tek yolu k\u00e2r\u0131 da\u011f\u0131tmak yerine \u015firket i\u00e7inde b\u0131rakmakt\u0131r.<\/p>\n\n\n\n<p><strong>Herhangi bir \u015fey i\u00e7in mukimlik belgesine ihtiyac\u0131m var m\u0131?<\/strong> Estonya art\u0131k yerle\u015fik olmayanlara \u00f6denen temett\u00fclerden vergi kesmedi\u011fi i\u00e7in, i\u015flemin Estonya taraf\u0131nda genellikle bir mukimlik belgesine ihtiyac\u0131n\u0131z olmaz. Yerel gerekliliklere ba\u011fl\u0131 olarak, kendi \u00fclkenizdeki vergi beyan\u0131n\u0131z i\u00e7in yine de gerekebilir.<\/p>\n\n\n\n<p><strong>Bu, ger\u00e7ek ki\u015fi yerine t\u00fczel ki\u015fi ortak i\u00e7in farkl\u0131 m\u0131?<\/strong> \u015eirket d\u00fczeyindeki 22\/78 vergisi ayn\u0131 \u015fekilde uygulan\u0131r. AB&#8217;deki t\u00fczel ki\u015fi ortaklar, belirli holding yap\u0131lar\u0131nda AB Ana \u015eirket-Yavru \u015eirket Direktifi&#8217;nden ek olarak yararlanabilir, ancak Estonya standart da\u011f\u0131t\u0131mlarda zaten stopaj uygulamad\u0131\u011f\u0131ndan, bu durum daha \u00e7ok tipik tek kurucu \u015firketlerinden ziyade daha karma\u015f\u0131k grup yap\u0131lar\u0131n\u0131 ilgilendirir.<\/p>\n\n\n\n<p><\/p>\n\n\n\n<p><strong>Unicount\u2019ta ayr\u0131ca okuyun:<\/strong><\/p>\n\n\n\n<ul class=\"wp-block-list\">\n<li><a href=\"https:\/\/unicount.eu\/tr\/estonya-sirketi-aylik-muhasebe-yukumlulukler\/\">Estonya O\u00dc\u2019nuzun ayl\u0131k muhasebe y\u00fck\u00fcml\u00fcl\u00fckleri \u2192<\/a><\/li>\n\n\n\n<li><a href=\"https:\/\/unicount.eu\/tr\/estonya-sirketi-ulke-degistirme-tasinma\/\">\u00dclke de\u011fi\u015ftirdi\u011finizde Estonya \u015firketinize ne olur \u2192<\/a><\/li>\n\n\n\n<li><a href=\"https:\/\/unicount.eu\/tr\/maas-yonetici-ucreti-temettu-estonya-sirketi\/\">Maa\u015f, y\u00f6netici \u00fccreti veya temett\u00fc \u2192<\/a><\/li>\n\n\n\n<li><a href=\"https:\/\/unicount.eu\/tr\/estonyada-muhasebe\/\">Unicount muhasebe planlar\u0131 ve fiyatlar\u0131 \u2192<\/a><\/li>\n<\/ul>\n\n\n\n<hr class=\"wp-block-separator has-alpha-channel-opacity\"\/>\n\n\n\n<p><em>Bu makale yaln\u0131zca bilgilendirme ama\u00e7l\u0131d\u0131r ve hukuki veya vergi tavsiyesi niteli\u011fi ta\u015f\u0131mamaktad\u0131r. G\u00f6n\u00fcll\u00fc tasfiye s\u00fcreci, \u015firketinizin \u00f6zel durumuna ba\u011fl\u0131 hukuki ve muhasebe y\u00fck\u00fcml\u00fcl\u00fcklerini i\u00e7ermektedir. Durumunuza \u00f6zel rehberlik i\u00e7in unicount.eu \u00fczerinden bizimle sohbet edin.\u00a0<strong>T\u00fcm bilgiler A\u011fustos 2026 itibar\u0131yla ge\u00e7erli kural ve prosed\u00fcrleri yans\u0131tmaktad\u0131r.<\/strong><\/em><\/p>\n","protected":false},"excerpt":{"rendered":"<p>K\u0131sa cevap: Evet. Estonya, ister ger\u00e7ek ki\u015fi ister \u015firket olsun, yerle\u015fik olmayan ortaklara \u00f6denen temett\u00fclerden herhangi bir stopaj vergisi kesmez. Estonya O\u00dc&#8217;niz k\u00e2r da\u011f\u0131tt\u0131\u011f\u0131nda \u015firket d\u00fczeyinde gelir vergisi \u00f6der ve net tutar\u0131n tamam\u0131 ki\u015fisel hesab\u0131n\u0131za ula\u015f\u0131r. Bu temett\u00fcye ikamet etti\u011finiz \u00fclkenin sonras\u0131nda ne yapaca\u011f\u0131 Estonya&#8217;n\u0131n de\u011fil, o \u00fclkenin kendi vergi kurallar\u0131na ba\u011fl\u0131d\u0131r. Bu, \u015firketleri k\u00e2r [&hellip;]<\/p>\n","protected":false},"author":141,"featured_media":25839,"comment_status":"closed","ping_status":"closed","sticky":false,"template":"","format":"standard","meta":{"inline_featured_image":false,"footnotes":""},"categories":[105],"tags":[],"class_list":["post-25859","post","type-post","status-publish","format-standard","has-post-thumbnail","hentry","category-blog-tr"],"acf":[],"yoast_head":"<!-- This site is optimized with the Yoast SEO Premium plugin v24.3 (Yoast SEO v24.3) - https:\/\/yoast.com\/wordpress\/plugins\/seo\/ -->\n<title>Yurt d\u0131\u015f\u0131nda ya\u015farken Estonya \u015firketimden kendime temett\u00fc \u00f6deyebilir miyim? | Unicount<\/title>\n<meta name=\"description\" content=\"Evet. Estonya d\u0131\u015f\u0131nda ya\u015fayan e-resident kurucular i\u00e7in temett\u00fc \u00f6demeleri nas\u0131l i\u015fliyor ve 2025&#039;ten beri yap\u0131lan de\u011fi\u015fiklikler net \u00f6demenizi nas\u0131l etkiliyor.\" \/>\n<meta name=\"robots\" content=\"index, follow, max-snippet:-1, max-image-preview:large, max-video-preview:-1\" \/>\n<link rel=\"canonical\" href=\"https:\/\/unicount.eu\/tr\/yurtdisinda-yasarken-estonya-sirketinden-temettu\/\" \/>\n<meta property=\"og:locale\" content=\"tr_TR\" \/>\n<meta property=\"og:type\" content=\"article\" \/>\n<meta property=\"og:title\" content=\"Yurt d\u0131\u015f\u0131nda ya\u015farken Estonya \u015firketimden kendime temett\u00fc \u00f6deyebilir miyim?\" \/>\n<meta property=\"og:description\" content=\"Evet. Estonya d\u0131\u015f\u0131nda ya\u015fayan e-resident kurucular i\u00e7in temett\u00fc \u00f6demeleri nas\u0131l i\u015fliyor ve 2025&#039;ten beri yap\u0131lan de\u011fi\u015fiklikler net \u00f6demenizi nas\u0131l etkiliyor.\" \/>\n<meta property=\"og:url\" content=\"https:\/\/unicount.eu\/tr\/yurtdisinda-yasarken-estonya-sirketinden-temettu\/\" \/>\n<meta property=\"og:site_name\" content=\"Unicount\" \/>\n<meta property=\"article:publisher\" content=\"https:\/\/www.facebook.com\/unicount\/\" \/>\n<meta property=\"article:published_time\" content=\"2026-08-21T13:18:06+00:00\" \/>\n<meta property=\"article:modified_time\" content=\"2026-08-24T08:09:39+00:00\" \/>\n<meta property=\"og:image\" content=\"https:\/\/unicount.eu\/wp-content\/uploads\/2026\/08\/Unicount-Blog-BANNER-64.png\" \/>\n\t<meta property=\"og:image:width\" content=\"1280\" \/>\n\t<meta property=\"og:image:height\" content=\"843\" \/>\n\t<meta property=\"og:image:type\" content=\"image\/png\" \/>\n<meta name=\"author\" content=\"Julia\" \/>\n<meta name=\"twitter:card\" content=\"summary_large_image\" \/>\n<meta name=\"twitter:creator\" content=\"@unicountestonia\" \/>\n<meta name=\"twitter:site\" content=\"@unicountestonia\" \/>\n<meta name=\"twitter:label1\" content=\"Yazan:\" \/>\n\t<meta name=\"twitter:data1\" content=\"Julia\" \/>\n\t<meta name=\"twitter:label2\" content=\"Tahmini okuma s\u00fcresi\" \/>\n\t<meta name=\"twitter:data2\" content=\"4 dakika\" \/>\n<script type=\"application\/ld+json\" class=\"yoast-schema-graph\">{\"@context\":\"https:\/\/schema.org\",\"@graph\":[{\"@type\":\"Article\",\"@id\":\"https:\/\/unicount.eu\/tr\/yurtdisinda-yasarken-estonya-sirketinden-temettu\/#article\",\"isPartOf\":{\"@id\":\"https:\/\/unicount.eu\/tr\/yurtdisinda-yasarken-estonya-sirketinden-temettu\/\"},\"author\":{\"name\":\"Julia\",\"@id\":\"https:\/\/unicount.eu\/tr\/#\/schema\/person\/18d76ecea187b7b713f54023f3a08f78\"},\"headline\":\"Yurt d\u0131\u015f\u0131nda ya\u015farken Estonya \u015firketimden kendime temett\u00fc \u00f6deyebilir miyim?\",\"datePublished\":\"2026-08-21T13:18:06+00:00\",\"dateModified\":\"2026-08-24T08:09:39+00:00\",\"mainEntityOfPage\":{\"@id\":\"https:\/\/unicount.eu\/tr\/yurtdisinda-yasarken-estonya-sirketinden-temettu\/\"},\"wordCount\":1166,\"publisher\":{\"@id\":\"https:\/\/unicount.eu\/tr\/#organization\"},\"image\":{\"@id\":\"https:\/\/unicount.eu\/tr\/yurtdisinda-yasarken-estonya-sirketinden-temettu\/#primaryimage\"},\"thumbnailUrl\":\"https:\/\/unicount.eu\/wp-content\/uploads\/2026\/08\/Unicount-Blog-BANNER-64.png\",\"articleSection\":[\"Blog\"],\"inLanguage\":\"tr\"},{\"@type\":\"WebPage\",\"@id\":\"https:\/\/unicount.eu\/tr\/yurtdisinda-yasarken-estonya-sirketinden-temettu\/\",\"url\":\"https:\/\/unicount.eu\/tr\/yurtdisinda-yasarken-estonya-sirketinden-temettu\/\",\"name\":\"Yurt d\u0131\u015f\u0131nda ya\u015farken Estonya \u015firketimden kendime temett\u00fc \u00f6deyebilir miyim? | Unicount\",\"isPartOf\":{\"@id\":\"https:\/\/unicount.eu\/tr\/#website\"},\"primaryImageOfPage\":{\"@id\":\"https:\/\/unicount.eu\/tr\/yurtdisinda-yasarken-estonya-sirketinden-temettu\/#primaryimage\"},\"image\":{\"@id\":\"https:\/\/unicount.eu\/tr\/yurtdisinda-yasarken-estonya-sirketinden-temettu\/#primaryimage\"},\"thumbnailUrl\":\"https:\/\/unicount.eu\/wp-content\/uploads\/2026\/08\/Unicount-Blog-BANNER-64.png\",\"datePublished\":\"2026-08-21T13:18:06+00:00\",\"dateModified\":\"2026-08-24T08:09:39+00:00\",\"description\":\"Evet. Estonya d\u0131\u015f\u0131nda ya\u015fayan e-resident kurucular i\u00e7in temett\u00fc \u00f6demeleri nas\u0131l i\u015fliyor ve 2025'ten beri yap\u0131lan de\u011fi\u015fiklikler net \u00f6demenizi nas\u0131l etkiliyor.\",\"breadcrumb\":{\"@id\":\"https:\/\/unicount.eu\/tr\/yurtdisinda-yasarken-estonya-sirketinden-temettu\/#breadcrumb\"},\"inLanguage\":\"tr\",\"potentialAction\":[{\"@type\":\"ReadAction\",\"target\":[\"https:\/\/unicount.eu\/tr\/yurtdisinda-yasarken-estonya-sirketinden-temettu\/\"]}]},{\"@type\":\"ImageObject\",\"inLanguage\":\"tr\",\"@id\":\"https:\/\/unicount.eu\/tr\/yurtdisinda-yasarken-estonya-sirketinden-temettu\/#primaryimage\",\"url\":\"https:\/\/unicount.eu\/wp-content\/uploads\/2026\/08\/Unicount-Blog-BANNER-64.png\",\"contentUrl\":\"https:\/\/unicount.eu\/wp-content\/uploads\/2026\/08\/Unicount-Blog-BANNER-64.png\",\"width\":1280,\"height\":843,\"caption\":\"Yurt d\u0131\u015f\u0131nda ya\u015farken Estonya \u015firketimden kendime temett\u00fc \u00f6deyebilir miyim\"},{\"@type\":\"BreadcrumbList\",\"@id\":\"https:\/\/unicount.eu\/tr\/yurtdisinda-yasarken-estonya-sirketinden-temettu\/#breadcrumb\",\"itemListElement\":[{\"@type\":\"ListItem\",\"position\":1,\"name\":\"Home\",\"item\":\"https:\/\/unicount.eu\/tr\/\"},{\"@type\":\"ListItem\",\"position\":2,\"name\":\"Yurt d\u0131\u015f\u0131nda ya\u015farken Estonya \u015firketimden kendime temett\u00fc \u00f6deyebilir miyim?\"}]},{\"@type\":\"WebSite\",\"@id\":\"https:\/\/unicount.eu\/tr\/#website\",\"url\":\"https:\/\/unicount.eu\/tr\/\",\"name\":\"Unicount\",\"description\":\"The simplest way to start an Estonian company\",\"publisher\":{\"@id\":\"https:\/\/unicount.eu\/tr\/#organization\"},\"potentialAction\":[{\"@type\":\"SearchAction\",\"target\":{\"@type\":\"EntryPoint\",\"urlTemplate\":\"https:\/\/unicount.eu\/tr\/?s={search_term_string}\"},\"query-input\":{\"@type\":\"PropertyValueSpecification\",\"valueRequired\":true,\"valueName\":\"search_term_string\"}}],\"inLanguage\":\"tr\"},{\"@type\":\"Organization\",\"@id\":\"https:\/\/unicount.eu\/tr\/#organization\",\"name\":\"Unicount O\u00dc\",\"url\":\"https:\/\/unicount.eu\/tr\/\",\"logo\":{\"@type\":\"ImageObject\",\"inLanguage\":\"tr\",\"@id\":\"https:\/\/unicount.eu\/tr\/#\/schema\/logo\/image\/\",\"url\":\"https:\/\/unicount.eu\/wp-content\/uploads\/2019\/10\/unicount-logo-002.jpg\",\"contentUrl\":\"https:\/\/unicount.eu\/wp-content\/uploads\/2019\/10\/unicount-logo-002.jpg\",\"width\":1380,\"height\":288,\"caption\":\"Unicount O\u00dc\"},\"image\":{\"@id\":\"https:\/\/unicount.eu\/tr\/#\/schema\/logo\/image\/\"},\"sameAs\":[\"https:\/\/www.facebook.com\/unicount\/\",\"https:\/\/x.com\/unicountestonia\",\"https:\/\/www.linkedin.com\/company\/unicount\",\"https:\/\/www.youtube.com\/channel\/UCSV5_VgpIIAUyLWhjeXY8vQ\"]},{\"@type\":\"Person\",\"@id\":\"https:\/\/unicount.eu\/tr\/#\/schema\/person\/18d76ecea187b7b713f54023f3a08f78\",\"name\":\"Julia\",\"image\":{\"@type\":\"ImageObject\",\"inLanguage\":\"tr\",\"@id\":\"https:\/\/unicount.eu\/tr\/#\/schema\/person\/image\/\",\"url\":\"https:\/\/secure.gravatar.com\/avatar\/726c4be1350fbdee1009427aa751cd66ae588888dbb99d4010e28c3019101bb0?s=96&d=mm&r=g\",\"contentUrl\":\"https:\/\/secure.gravatar.com\/avatar\/726c4be1350fbdee1009427aa751cd66ae588888dbb99d4010e28c3019101bb0?s=96&d=mm&r=g\",\"caption\":\"Julia\"},\"url\":\"https:\/\/unicount.eu\/tr\/author\/julia\/\"}]}<\/script>\n<!-- \/ Yoast SEO Premium plugin. -->","yoast_head_json":{"title":"Yurt d\u0131\u015f\u0131nda ya\u015farken Estonya \u015firketimden kendime temett\u00fc \u00f6deyebilir miyim? | Unicount","description":"Evet. Estonya d\u0131\u015f\u0131nda ya\u015fayan e-resident kurucular i\u00e7in temett\u00fc \u00f6demeleri nas\u0131l i\u015fliyor ve 2025'ten beri yap\u0131lan de\u011fi\u015fiklikler net \u00f6demenizi nas\u0131l etkiliyor.","robots":{"index":"index","follow":"follow","max-snippet":"max-snippet:-1","max-image-preview":"max-image-preview:large","max-video-preview":"max-video-preview:-1"},"canonical":"https:\/\/unicount.eu\/tr\/yurtdisinda-yasarken-estonya-sirketinden-temettu\/","og_locale":"tr_TR","og_type":"article","og_title":"Yurt d\u0131\u015f\u0131nda ya\u015farken Estonya \u015firketimden kendime temett\u00fc \u00f6deyebilir miyim?","og_description":"Evet. Estonya d\u0131\u015f\u0131nda ya\u015fayan e-resident kurucular i\u00e7in temett\u00fc \u00f6demeleri nas\u0131l i\u015fliyor ve 2025'ten beri yap\u0131lan de\u011fi\u015fiklikler net \u00f6demenizi nas\u0131l etkiliyor.","og_url":"https:\/\/unicount.eu\/tr\/yurtdisinda-yasarken-estonya-sirketinden-temettu\/","og_site_name":"Unicount","article_publisher":"https:\/\/www.facebook.com\/unicount\/","article_published_time":"2026-08-21T13:18:06+00:00","article_modified_time":"2026-08-24T08:09:39+00:00","og_image":[{"width":1280,"height":843,"url":"https:\/\/unicount.eu\/wp-content\/uploads\/2026\/08\/Unicount-Blog-BANNER-64.png","type":"image\/png"}],"author":"Julia","twitter_card":"summary_large_image","twitter_creator":"@unicountestonia","twitter_site":"@unicountestonia","twitter_misc":{"Yazan:":"Julia","Tahmini okuma s\u00fcresi":"4 dakika"},"schema":{"@context":"https:\/\/schema.org","@graph":[{"@type":"Article","@id":"https:\/\/unicount.eu\/tr\/yurtdisinda-yasarken-estonya-sirketinden-temettu\/#article","isPartOf":{"@id":"https:\/\/unicount.eu\/tr\/yurtdisinda-yasarken-estonya-sirketinden-temettu\/"},"author":{"name":"Julia","@id":"https:\/\/unicount.eu\/tr\/#\/schema\/person\/18d76ecea187b7b713f54023f3a08f78"},"headline":"Yurt d\u0131\u015f\u0131nda ya\u015farken Estonya \u015firketimden kendime temett\u00fc \u00f6deyebilir miyim?","datePublished":"2026-08-21T13:18:06+00:00","dateModified":"2026-08-24T08:09:39+00:00","mainEntityOfPage":{"@id":"https:\/\/unicount.eu\/tr\/yurtdisinda-yasarken-estonya-sirketinden-temettu\/"},"wordCount":1166,"publisher":{"@id":"https:\/\/unicount.eu\/tr\/#organization"},"image":{"@id":"https:\/\/unicount.eu\/tr\/yurtdisinda-yasarken-estonya-sirketinden-temettu\/#primaryimage"},"thumbnailUrl":"https:\/\/unicount.eu\/wp-content\/uploads\/2026\/08\/Unicount-Blog-BANNER-64.png","articleSection":["Blog"],"inLanguage":"tr"},{"@type":"WebPage","@id":"https:\/\/unicount.eu\/tr\/yurtdisinda-yasarken-estonya-sirketinden-temettu\/","url":"https:\/\/unicount.eu\/tr\/yurtdisinda-yasarken-estonya-sirketinden-temettu\/","name":"Yurt d\u0131\u015f\u0131nda ya\u015farken Estonya \u015firketimden kendime temett\u00fc \u00f6deyebilir miyim? | Unicount","isPartOf":{"@id":"https:\/\/unicount.eu\/tr\/#website"},"primaryImageOfPage":{"@id":"https:\/\/unicount.eu\/tr\/yurtdisinda-yasarken-estonya-sirketinden-temettu\/#primaryimage"},"image":{"@id":"https:\/\/unicount.eu\/tr\/yurtdisinda-yasarken-estonya-sirketinden-temettu\/#primaryimage"},"thumbnailUrl":"https:\/\/unicount.eu\/wp-content\/uploads\/2026\/08\/Unicount-Blog-BANNER-64.png","datePublished":"2026-08-21T13:18:06+00:00","dateModified":"2026-08-24T08:09:39+00:00","description":"Evet. Estonya d\u0131\u015f\u0131nda ya\u015fayan e-resident kurucular i\u00e7in temett\u00fc \u00f6demeleri nas\u0131l i\u015fliyor ve 2025'ten beri yap\u0131lan de\u011fi\u015fiklikler net \u00f6demenizi nas\u0131l etkiliyor.","breadcrumb":{"@id":"https:\/\/unicount.eu\/tr\/yurtdisinda-yasarken-estonya-sirketinden-temettu\/#breadcrumb"},"inLanguage":"tr","potentialAction":[{"@type":"ReadAction","target":["https:\/\/unicount.eu\/tr\/yurtdisinda-yasarken-estonya-sirketinden-temettu\/"]}]},{"@type":"ImageObject","inLanguage":"tr","@id":"https:\/\/unicount.eu\/tr\/yurtdisinda-yasarken-estonya-sirketinden-temettu\/#primaryimage","url":"https:\/\/unicount.eu\/wp-content\/uploads\/2026\/08\/Unicount-Blog-BANNER-64.png","contentUrl":"https:\/\/unicount.eu\/wp-content\/uploads\/2026\/08\/Unicount-Blog-BANNER-64.png","width":1280,"height":843,"caption":"Yurt d\u0131\u015f\u0131nda ya\u015farken Estonya \u015firketimden kendime temett\u00fc \u00f6deyebilir miyim"},{"@type":"BreadcrumbList","@id":"https:\/\/unicount.eu\/tr\/yurtdisinda-yasarken-estonya-sirketinden-temettu\/#breadcrumb","itemListElement":[{"@type":"ListItem","position":1,"name":"Home","item":"https:\/\/unicount.eu\/tr\/"},{"@type":"ListItem","position":2,"name":"Yurt d\u0131\u015f\u0131nda ya\u015farken Estonya \u015firketimden kendime temett\u00fc \u00f6deyebilir miyim?"}]},{"@type":"WebSite","@id":"https:\/\/unicount.eu\/tr\/#website","url":"https:\/\/unicount.eu\/tr\/","name":"Unicount","description":"The simplest way to start an Estonian company","publisher":{"@id":"https:\/\/unicount.eu\/tr\/#organization"},"potentialAction":[{"@type":"SearchAction","target":{"@type":"EntryPoint","urlTemplate":"https:\/\/unicount.eu\/tr\/?s={search_term_string}"},"query-input":{"@type":"PropertyValueSpecification","valueRequired":true,"valueName":"search_term_string"}}],"inLanguage":"tr"},{"@type":"Organization","@id":"https:\/\/unicount.eu\/tr\/#organization","name":"Unicount O\u00dc","url":"https:\/\/unicount.eu\/tr\/","logo":{"@type":"ImageObject","inLanguage":"tr","@id":"https:\/\/unicount.eu\/tr\/#\/schema\/logo\/image\/","url":"https:\/\/unicount.eu\/wp-content\/uploads\/2019\/10\/unicount-logo-002.jpg","contentUrl":"https:\/\/unicount.eu\/wp-content\/uploads\/2019\/10\/unicount-logo-002.jpg","width":1380,"height":288,"caption":"Unicount O\u00dc"},"image":{"@id":"https:\/\/unicount.eu\/tr\/#\/schema\/logo\/image\/"},"sameAs":["https:\/\/www.facebook.com\/unicount\/","https:\/\/x.com\/unicountestonia","https:\/\/www.linkedin.com\/company\/unicount","https:\/\/www.youtube.com\/channel\/UCSV5_VgpIIAUyLWhjeXY8vQ"]},{"@type":"Person","@id":"https:\/\/unicount.eu\/tr\/#\/schema\/person\/18d76ecea187b7b713f54023f3a08f78","name":"Julia","image":{"@type":"ImageObject","inLanguage":"tr","@id":"https:\/\/unicount.eu\/tr\/#\/schema\/person\/image\/","url":"https:\/\/secure.gravatar.com\/avatar\/726c4be1350fbdee1009427aa751cd66ae588888dbb99d4010e28c3019101bb0?s=96&d=mm&r=g","contentUrl":"https:\/\/secure.gravatar.com\/avatar\/726c4be1350fbdee1009427aa751cd66ae588888dbb99d4010e28c3019101bb0?s=96&d=mm&r=g","caption":"Julia"},"url":"https:\/\/unicount.eu\/tr\/author\/julia\/"}]}},"_links":{"self":[{"href":"https:\/\/unicount.eu\/tr\/wp-json\/wp\/v2\/posts\/25859","targetHints":{"allow":["GET"]}}],"collection":[{"href":"https:\/\/unicount.eu\/tr\/wp-json\/wp\/v2\/posts"}],"about":[{"href":"https:\/\/unicount.eu\/tr\/wp-json\/wp\/v2\/types\/post"}],"author":[{"embeddable":true,"href":"https:\/\/unicount.eu\/tr\/wp-json\/wp\/v2\/users\/141"}],"replies":[{"embeddable":true,"href":"https:\/\/unicount.eu\/tr\/wp-json\/wp\/v2\/comments?post=25859"}],"version-history":[{"count":1,"href":"https:\/\/unicount.eu\/tr\/wp-json\/wp\/v2\/posts\/25859\/revisions"}],"predecessor-version":[{"id":25860,"href":"https:\/\/unicount.eu\/tr\/wp-json\/wp\/v2\/posts\/25859\/revisions\/25860"}],"wp:featuredmedia":[{"embeddable":true,"href":"https:\/\/unicount.eu\/tr\/wp-json\/wp\/v2\/media\/25839"}],"wp:attachment":[{"href":"https:\/\/unicount.eu\/tr\/wp-json\/wp\/v2\/media?parent=25859"}],"wp:term":[{"taxonomy":"category","embeddable":true,"href":"https:\/\/unicount.eu\/tr\/wp-json\/wp\/v2\/categories?post=25859"},{"taxonomy":"post_tag","embeddable":true,"href":"https:\/\/unicount.eu\/tr\/wp-json\/wp\/v2\/tags?post=25859"}],"curies":[{"name":"wp","href":"https:\/\/api.w.org\/{rel}","templated":true}]}}