{"id":23259,"date":"2025-06-30T10:16:00","date_gmt":"2025-06-30T07:16:00","guid":{"rendered":"https:\/\/unicount.eu\/?p=23259"},"modified":"2024-12-06T13:40:08","modified_gmt":"2024-12-06T11:40:08","slug":"registro-y-baja-del-iva-para-empresas-residentes-electronicamente-en-estonia","status":"publish","type":"post","link":"https:\/\/unicount.eu\/es\/registro-y-baja-del-iva-para-empresas-residentes-electronicamente-en-estonia\/","title":{"rendered":"Registro y baja del IVA para empresas residentes electr\u00f3nicamente en Estonia"},"content":{"rendered":"<p>El programa de <a href=\"https:\/\/unicount.eu\/es\/la-e-residencia-estonia-en-pocas-palabras\/\">e-Residency<\/a> de Estonia ha revolucionado la forma en que los emprendedores globales pueden establecer y gestionar negocios en l\u00ednea. Operar en los estados miembros de la UE plantea la cuesti\u00f3n del registro obligatorio o voluntario del IVA en Estonia y en otros pa\u00edses donde opera su empresa estonia. En algunos pa\u00edses, el registro del IVA es un paso obligatorio desde el primer d\u00eda para cumplir con las regulaciones fiscales nacionales, y algunos de sus socios comerciales o clientes incluso pueden requerir que tenga un n\u00famero de IVA para cumplir con sus pol\u00edticas internas. Este art\u00edculo del blog le guiar\u00e1 por los aspectos esenciales del registro del IVA en Estonia, desde comprender las reglas hasta registrarse y mantenerse registrado.<\/p>\n<p><!--more--><\/p>\n<h3>\u00bfQu\u00e9 es el Impuesto al Valor Agregado (IVA)?<\/h3>\n<p>El <a href=\"https:\/\/www.emta.ee\/en\/business-client\/taxes-and-payment\/value-added-tax\">Impuesto al Valor Agregado (IVA)<\/a> es un impuesto al consumo que se a\u00f1ade a las facturas en cada etapa de la cadena de suministro donde las empresas compran y venden bienes y servicios. Es una parte f\u00e1cilmente observable de la conformidad fiscal empresarial en Estonia, ya que desde 2014 todas las transacciones superiores a 1000 euros mensuales entre contrapartes se reportan a la administraci\u00f3n tributaria estonia. Esto permite a la <a href=\"https:\/\/www.emta.ee\/en\">administraci\u00f3n tributaria estonia<\/a> (EMTA) comparar si las reclamaciones de IVA son leg\u00edtimas, ya que las discrepancias se detectan autom\u00e1ticamente cuando los compradores intentan reclamar el IVA que el vendedor nunca declar\u00f3 ni pag\u00f3.<\/p>\n<p>La idea principal del IVA es que las empresas registradas en el IVA siempre pueden recuperar el IVA de salida de sus gastos si estos est\u00e1n relacionados con su actividad empresarial. Por otro lado, los consumidores deben pagar el IVA en todo lo que consumen, de acuerdo con los tipos nacionales de IVA que <a href=\"https:\/\/www.avalara.com\/vatlive\/en\/vat-rates\/european-vat-rates.html\">var\u00edan en la UE<\/a>. La <a href=\"https:\/\/taxation-customs.ec.europa.eu\/taxation\/vat\/vat-directive\/vat-rates_en\">directiva del IVA de la UE<\/a> establece el tipo m\u00ednimo est\u00e1ndar de IVA en un 15 %, pero desafortunadamente no hay un l\u00edmite superior. Debido a esto, algunos pa\u00edses de la UE con dificultades fiscales est\u00e1n aumentando gradualmente sus tipos de IVA para recaudar m\u00e1s impuestos de las personas que consumen bienes y servicios.<\/p>\n<h3>Impuesto al Valor Agregado (IVA) en Estonia<\/h3>\n<p>En Estonia, registrar una empresa para el IVA puede ser obligatorio o voluntario. El sistema de IVA es sencillo y est\u00e1 alineado con la directiva de IVA de la UE. Tiene un tipo est\u00e1ndar de <a href=\"https:\/\/unicount.eu\/es\/proximos-cambios-en-los-tipos-del-iva-de-estonia\/\">22 % desde enero de 2024<\/a>, que aumentar\u00e1 al <a href=\"https:\/\/unicount.eu\/es\/impuesto-sobre-la-seguridad-social-en-estonia-lo-que-deben-saber-los-residentes-electronicos-y-los-propietarios-de-empresas\/\">24 % el 1 de julio de 2025<\/a>. La EMTA (la administraci\u00f3n tributaria y aduanera de Estonia) permite a las empresas registrarse, declarar y pagar el IVA a trav\u00e9s del portal e-Tax f\u00e1cil de usar.<\/p>\n<p><strong>Registro obligatorio<\/strong><br \/>\nLas empresas y los aut\u00f3nomos deben registrarse para el IVA cuando su volumen de negocios imponible supere los 40 000 \u20ac en un a\u00f1o calendario. El registro debe completarse dentro de los tres d\u00edas h\u00e1biles posteriores a alcanzar este umbral, y su empresa ser\u00e1 responsable del IVA desde ese momento. El suministro imponible solo aplica a los residentes de la UE, por lo que todo lo que exporte a pa\u00edses fuera de la UE no cuenta para este umbral.<\/p>\n<p><strong>Registro voluntario<\/strong><br \/>\nPuede solicitar el registro para el IVA incluso si su volumen de negocios anual no supera los 40 000 \u20ac. Esto es particularmente \u00fatil para las empresas que operan en mercados B2B con clientes comerciales registrados en el IVA en Estonia o la UE. Otro factor importante a considerar est\u00e1 relacionado con los gastos regulares de su empresa con IVA, como servicios empresariales que compra en Estonia u otros pa\u00edses de la UE.<\/p>\n<p><strong>\u00bfEl registro voluntario del IVA es adecuado para usted?<\/strong><br \/>\nEval\u00fae si el registro del IVA se alinea con las necesidades de su negocio. El registro ofrece una ventaja financiera para aquellas empresas B2B que pagan IVA en sus compras. Por otro lado, las empresas B2C con gastos relacionados con el IVA m\u00ednimos pueden encontrar ventajas limitadas, y sus clientes pagar\u00edan m\u00e1s por los servicios.<\/p>\n<h3>Responsabilidades de las empresas registradas en el IVA<\/h3>\n<p>Las empresas registradas en el IVA deben cobrar el IVA en todos los suministros imponibles a clientes de la UE y presentar declaraciones mensuales de IVA a trav\u00e9s del portal e-Tax, incluso si no hay transacciones. No presentar sus declaraciones puede r\u00e1pidamente resultar en sanciones por presentaci\u00f3n tard\u00eda y en la cancelaci\u00f3n del registro. Seg\u00fan la Ley del IVA, las empresas deben mantener registros detallados de todas las transacciones, incluidos todos los <a href=\"https:\/\/support.unicount.eu\/es\/articles\/6895935-cuales-son-los-campos-obligatorios-de-una-factura-aceptada-en-estonia\">detalles obligatorios de las facturas<\/a> con los montos de IVA.<\/p>\n<h3>Preocupaciones recientes sobre la revocaci\u00f3n del registro de IVA<\/h3>\n<p>Los e-residentes estonios han expresado preocupaciones sobre las nuevas pol\u00edticas de revocaci\u00f3n del registro de IVA de la EMTA, que exigen probar una actividad comercial sustancial en Estonia para mantener un registro de IVA en el pa\u00eds. Algunos destacan que las empresas e-residentes generalmente operan a nivel internacional con v\u00ednculos limitados en Estonia.<\/p>\n<h3>Registro o cancelaci\u00f3n del registro de IVA en Estonia con Unicount<\/h3>\n<p>Unicount simplifica el proceso de registro de IVA para los fundadores e-residentes. Utilice el <a href=\"https:\/\/app.unicount.eu\/es\/dashboard\/login\">Tablero de clientes<\/a> de Unicount para solicitar servicios de registro de IVA. El proceso suele tardar cinco d\u00edas h\u00e1biles.<\/p>\n<h3>Mant\u00e9ngase informado con Unicount<\/h3>\n<p>En Unicount, estamos comprometidos a mantener a los e-residentes informados sobre los cambios legislativos. Suscr\u00edbase a nuestro bolet\u00edn informativo o siga nuestro blog para obtener actualizaciones sobre el panorama fiscal en Estonia.<\/p>\n<h3>\u00a1Gracias por leer!<\/h3>\n<p>Si tiene m\u00e1s preguntas sobre la <a href=\"https:\/\/www.e-resident.gov.ee\">e-Residency<\/a> o <a href=\"https:\/\/unicount.eu\/en\/\">Unicount<\/a>, consulte nuestros numerosos art\u00edculos de soporte o cont\u00e1ctenos para obtener asesoramiento personalizado.<\/p>\n","protected":false},"excerpt":{"rendered":"<p>El programa de e-Residency de Estonia ha revolucionado la forma en que los emprendedores globales pueden establecer y gestionar negocios en l\u00ednea. Operar en los estados miembros de la UE plantea la cuesti\u00f3n del registro obligatorio o voluntario del IVA en Estonia y en otros pa\u00edses donde opera su empresa estonia. En algunos pa\u00edses, el [&hellip;]<\/p>\n","protected":false},"author":2,"featured_media":23229,"comment_status":"closed","ping_status":"closed","sticky":false,"template":"","format":"standard","meta":{"inline_featured_image":false,"footnotes":""},"categories":[144],"tags":[137,115],"class_list":["post-23259","post","type-post","status-publish","format-standard","has-post-thumbnail","hentry","category-blog-es","tag-accounting","tag-spanish"],"acf":[],"yoast_head":"<!-- This site is optimized with the Yoast SEO Premium plugin v24.3 (Yoast SEO v24.3) - https:\/\/yoast.com\/wordpress\/plugins\/seo\/ -->\n<title>Registro y baja del IVA para empresas residentes electr\u00f3nicamente en Estonia | Unicount<\/title>\n<meta name=\"robots\" content=\"index, follow, max-snippet:-1, max-image-preview:large, max-video-preview:-1\" \/>\n<link rel=\"canonical\" href=\"https:\/\/unicount.eu\/es\/registro-y-baja-del-iva-para-empresas-residentes-electronicamente-en-estonia\/\" \/>\n<meta property=\"og:locale\" content=\"es_ES\" \/>\n<meta property=\"og:type\" content=\"article\" \/>\n<meta property=\"og:title\" content=\"Registro y baja del IVA para empresas residentes electr\u00f3nicamente en Estonia\" \/>\n<meta property=\"og:description\" content=\"El programa de e-Residency de Estonia ha revolucionado la forma en que los emprendedores globales pueden establecer y gestionar negocios en l\u00ednea. Operar en los estados miembros de la UE plantea la cuesti\u00f3n del registro obligatorio o voluntario del IVA en Estonia y en otros pa\u00edses donde opera su empresa estonia. En algunos pa\u00edses, el [&hellip;]\" \/>\n<meta property=\"og:url\" content=\"https:\/\/unicount.eu\/es\/registro-y-baja-del-iva-para-empresas-residentes-electronicamente-en-estonia\/\" \/>\n<meta property=\"og:site_name\" content=\"Unicount\" \/>\n<meta property=\"article:publisher\" content=\"https:\/\/www.facebook.com\/unicount\/\" \/>\n<meta property=\"article:published_time\" content=\"2025-06-30T07:16:00+00:00\" \/>\n<meta property=\"article:modified_time\" content=\"2024-12-06T11:40:08+00:00\" \/>\n<meta property=\"og:image\" content=\"https:\/\/unicount.eu\/wp-content\/uploads\/2024\/12\/shutterstock_2550639957.jpg\" \/>\n\t<meta property=\"og:image:width\" content=\"1280\" \/>\n\t<meta property=\"og:image:height\" content=\"853\" \/>\n\t<meta property=\"og:image:type\" content=\"image\/jpeg\" \/>\n<meta name=\"author\" content=\"Adam Rang\" \/>\n<meta name=\"twitter:card\" content=\"summary_large_image\" \/>\n<meta name=\"twitter:creator\" content=\"@unicountestonia\" \/>\n<meta name=\"twitter:site\" content=\"@unicountestonia\" \/>\n<meta name=\"twitter:label1\" content=\"Escrito por\" \/>\n\t<meta name=\"twitter:data1\" content=\"Adam Rang\" \/>\n\t<meta name=\"twitter:label2\" content=\"Tiempo de lectura\" \/>\n\t<meta name=\"twitter:data2\" content=\"5 minutos\" \/>\n<script type=\"application\/ld+json\" class=\"yoast-schema-graph\">{\"@context\":\"https:\/\/schema.org\",\"@graph\":[{\"@type\":\"Article\",\"@id\":\"https:\/\/unicount.eu\/es\/registro-y-baja-del-iva-para-empresas-residentes-electronicamente-en-estonia\/#article\",\"isPartOf\":{\"@id\":\"https:\/\/unicount.eu\/es\/registro-y-baja-del-iva-para-empresas-residentes-electronicamente-en-estonia\/\"},\"author\":{\"name\":\"Adam Rang\",\"@id\":\"https:\/\/unicount.eu\/es\/#\/schema\/person\/19ef7f858aecd2747eb5c3725ffefe44\"},\"headline\":\"Registro y baja del IVA para empresas residentes electr\u00f3nicamente en Estonia\",\"datePublished\":\"2025-06-30T07:16:00+00:00\",\"dateModified\":\"2024-12-06T11:40:08+00:00\",\"mainEntityOfPage\":{\"@id\":\"https:\/\/unicount.eu\/es\/registro-y-baja-del-iva-para-empresas-residentes-electronicamente-en-estonia\/\"},\"wordCount\":962,\"publisher\":{\"@id\":\"https:\/\/unicount.eu\/es\/#organization\"},\"image\":{\"@id\":\"https:\/\/unicount.eu\/es\/registro-y-baja-del-iva-para-empresas-residentes-electronicamente-en-estonia\/#primaryimage\"},\"thumbnailUrl\":\"https:\/\/unicount.eu\/wp-content\/uploads\/2024\/12\/shutterstock_2550639957.jpg\",\"keywords\":[\"accounting\",\"spanish\"],\"articleSection\":[\"Blog\"],\"inLanguage\":\"es\"},{\"@type\":\"WebPage\",\"@id\":\"https:\/\/unicount.eu\/es\/registro-y-baja-del-iva-para-empresas-residentes-electronicamente-en-estonia\/\",\"url\":\"https:\/\/unicount.eu\/es\/registro-y-baja-del-iva-para-empresas-residentes-electronicamente-en-estonia\/\",\"name\":\"Registro y baja del IVA para empresas residentes electr\u00f3nicamente en Estonia | Unicount\",\"isPartOf\":{\"@id\":\"https:\/\/unicount.eu\/es\/#website\"},\"primaryImageOfPage\":{\"@id\":\"https:\/\/unicount.eu\/es\/registro-y-baja-del-iva-para-empresas-residentes-electronicamente-en-estonia\/#primaryimage\"},\"image\":{\"@id\":\"https:\/\/unicount.eu\/es\/registro-y-baja-del-iva-para-empresas-residentes-electronicamente-en-estonia\/#primaryimage\"},\"thumbnailUrl\":\"https:\/\/unicount.eu\/wp-content\/uploads\/2024\/12\/shutterstock_2550639957.jpg\",\"datePublished\":\"2025-06-30T07:16:00+00:00\",\"dateModified\":\"2024-12-06T11:40:08+00:00\",\"breadcrumb\":{\"@id\":\"https:\/\/unicount.eu\/es\/registro-y-baja-del-iva-para-empresas-residentes-electronicamente-en-estonia\/#breadcrumb\"},\"inLanguage\":\"es\",\"potentialAction\":[{\"@type\":\"ReadAction\",\"target\":[\"https:\/\/unicount.eu\/es\/registro-y-baja-del-iva-para-empresas-residentes-electronicamente-en-estonia\/\"]}]},{\"@type\":\"ImageObject\",\"inLanguage\":\"es\",\"@id\":\"https:\/\/unicount.eu\/es\/registro-y-baja-del-iva-para-empresas-residentes-electronicamente-en-estonia\/#primaryimage\",\"url\":\"https:\/\/unicount.eu\/wp-content\/uploads\/2024\/12\/shutterstock_2550639957.jpg\",\"contentUrl\":\"https:\/\/unicount.eu\/wp-content\/uploads\/2024\/12\/shutterstock_2550639957.jpg\",\"width\":1280,\"height\":853,\"caption\":\"VAT Registration\"},{\"@type\":\"BreadcrumbList\",\"@id\":\"https:\/\/unicount.eu\/es\/registro-y-baja-del-iva-para-empresas-residentes-electronicamente-en-estonia\/#breadcrumb\",\"itemListElement\":[{\"@type\":\"ListItem\",\"position\":1,\"name\":\"Home\",\"item\":\"https:\/\/unicount.eu\/es\/\"},{\"@type\":\"ListItem\",\"position\":2,\"name\":\"Registro y baja del IVA para empresas residentes electr\u00f3nicamente en Estonia\"}]},{\"@type\":\"WebSite\",\"@id\":\"https:\/\/unicount.eu\/es\/#website\",\"url\":\"https:\/\/unicount.eu\/es\/\",\"name\":\"Unicount\",\"description\":\"The simplest way to start an Estonian company\",\"publisher\":{\"@id\":\"https:\/\/unicount.eu\/es\/#organization\"},\"potentialAction\":[{\"@type\":\"SearchAction\",\"target\":{\"@type\":\"EntryPoint\",\"urlTemplate\":\"https:\/\/unicount.eu\/es\/?s={search_term_string}\"},\"query-input\":{\"@type\":\"PropertyValueSpecification\",\"valueRequired\":true,\"valueName\":\"search_term_string\"}}],\"inLanguage\":\"es\"},{\"@type\":\"Organization\",\"@id\":\"https:\/\/unicount.eu\/es\/#organization\",\"name\":\"Unicount O\u00dc\",\"url\":\"https:\/\/unicount.eu\/es\/\",\"logo\":{\"@type\":\"ImageObject\",\"inLanguage\":\"es\",\"@id\":\"https:\/\/unicount.eu\/es\/#\/schema\/logo\/image\/\",\"url\":\"https:\/\/unicount.eu\/wp-content\/uploads\/2019\/10\/unicount-logo-002.jpg\",\"contentUrl\":\"https:\/\/unicount.eu\/wp-content\/uploads\/2019\/10\/unicount-logo-002.jpg\",\"width\":1380,\"height\":288,\"caption\":\"Unicount O\u00dc\"},\"image\":{\"@id\":\"https:\/\/unicount.eu\/es\/#\/schema\/logo\/image\/\"},\"sameAs\":[\"https:\/\/www.facebook.com\/unicount\/\",\"https:\/\/x.com\/unicountestonia\",\"https:\/\/www.linkedin.com\/company\/unicount\",\"https:\/\/www.youtube.com\/channel\/UCSV5_VgpIIAUyLWhjeXY8vQ\"]},{\"@type\":\"Person\",\"@id\":\"https:\/\/unicount.eu\/es\/#\/schema\/person\/19ef7f858aecd2747eb5c3725ffefe44\",\"name\":\"Adam Rang\",\"image\":{\"@type\":\"ImageObject\",\"inLanguage\":\"es\",\"@id\":\"https:\/\/unicount.eu\/es\/#\/schema\/person\/image\/\",\"url\":\"https:\/\/secure.gravatar.com\/avatar\/98076fae2409f39cf6d8638ec8eef64617acb4ae6915f1d2c401d2814f98db00?s=96&d=mm&r=g\",\"contentUrl\":\"https:\/\/secure.gravatar.com\/avatar\/98076fae2409f39cf6d8638ec8eef64617acb4ae6915f1d2c401d2814f98db00?s=96&d=mm&r=g\",\"caption\":\"Adam Rang\"},\"description\":\"Communication director\",\"url\":\"https:\/\/unicount.eu\/es\/author\/ivar\/\"}]}<\/script>\n<!-- \/ Yoast SEO Premium plugin. -->","yoast_head_json":{"title":"Registro y baja del IVA para empresas residentes electr\u00f3nicamente en Estonia | Unicount","robots":{"index":"index","follow":"follow","max-snippet":"max-snippet:-1","max-image-preview":"max-image-preview:large","max-video-preview":"max-video-preview:-1"},"canonical":"https:\/\/unicount.eu\/es\/registro-y-baja-del-iva-para-empresas-residentes-electronicamente-en-estonia\/","og_locale":"es_ES","og_type":"article","og_title":"Registro y baja del IVA para empresas residentes electr\u00f3nicamente en Estonia","og_description":"El programa de e-Residency de Estonia ha revolucionado la forma en que los emprendedores globales pueden establecer y gestionar negocios en l\u00ednea. Operar en los estados miembros de la UE plantea la cuesti\u00f3n del registro obligatorio o voluntario del IVA en Estonia y en otros pa\u00edses donde opera su empresa estonia. En algunos pa\u00edses, el [&hellip;]","og_url":"https:\/\/unicount.eu\/es\/registro-y-baja-del-iva-para-empresas-residentes-electronicamente-en-estonia\/","og_site_name":"Unicount","article_publisher":"https:\/\/www.facebook.com\/unicount\/","article_published_time":"2025-06-30T07:16:00+00:00","article_modified_time":"2024-12-06T11:40:08+00:00","og_image":[{"width":1280,"height":853,"url":"https:\/\/unicount.eu\/wp-content\/uploads\/2024\/12\/shutterstock_2550639957.jpg","type":"image\/jpeg"}],"author":"Adam Rang","twitter_card":"summary_large_image","twitter_creator":"@unicountestonia","twitter_site":"@unicountestonia","twitter_misc":{"Escrito por":"Adam Rang","Tiempo de lectura":"5 minutos"},"schema":{"@context":"https:\/\/schema.org","@graph":[{"@type":"Article","@id":"https:\/\/unicount.eu\/es\/registro-y-baja-del-iva-para-empresas-residentes-electronicamente-en-estonia\/#article","isPartOf":{"@id":"https:\/\/unicount.eu\/es\/registro-y-baja-del-iva-para-empresas-residentes-electronicamente-en-estonia\/"},"author":{"name":"Adam Rang","@id":"https:\/\/unicount.eu\/es\/#\/schema\/person\/19ef7f858aecd2747eb5c3725ffefe44"},"headline":"Registro y baja del IVA para empresas residentes electr\u00f3nicamente en Estonia","datePublished":"2025-06-30T07:16:00+00:00","dateModified":"2024-12-06T11:40:08+00:00","mainEntityOfPage":{"@id":"https:\/\/unicount.eu\/es\/registro-y-baja-del-iva-para-empresas-residentes-electronicamente-en-estonia\/"},"wordCount":962,"publisher":{"@id":"https:\/\/unicount.eu\/es\/#organization"},"image":{"@id":"https:\/\/unicount.eu\/es\/registro-y-baja-del-iva-para-empresas-residentes-electronicamente-en-estonia\/#primaryimage"},"thumbnailUrl":"https:\/\/unicount.eu\/wp-content\/uploads\/2024\/12\/shutterstock_2550639957.jpg","keywords":["accounting","spanish"],"articleSection":["Blog"],"inLanguage":"es"},{"@type":"WebPage","@id":"https:\/\/unicount.eu\/es\/registro-y-baja-del-iva-para-empresas-residentes-electronicamente-en-estonia\/","url":"https:\/\/unicount.eu\/es\/registro-y-baja-del-iva-para-empresas-residentes-electronicamente-en-estonia\/","name":"Registro y baja del IVA para empresas residentes electr\u00f3nicamente en Estonia | Unicount","isPartOf":{"@id":"https:\/\/unicount.eu\/es\/#website"},"primaryImageOfPage":{"@id":"https:\/\/unicount.eu\/es\/registro-y-baja-del-iva-para-empresas-residentes-electronicamente-en-estonia\/#primaryimage"},"image":{"@id":"https:\/\/unicount.eu\/es\/registro-y-baja-del-iva-para-empresas-residentes-electronicamente-en-estonia\/#primaryimage"},"thumbnailUrl":"https:\/\/unicount.eu\/wp-content\/uploads\/2024\/12\/shutterstock_2550639957.jpg","datePublished":"2025-06-30T07:16:00+00:00","dateModified":"2024-12-06T11:40:08+00:00","breadcrumb":{"@id":"https:\/\/unicount.eu\/es\/registro-y-baja-del-iva-para-empresas-residentes-electronicamente-en-estonia\/#breadcrumb"},"inLanguage":"es","potentialAction":[{"@type":"ReadAction","target":["https:\/\/unicount.eu\/es\/registro-y-baja-del-iva-para-empresas-residentes-electronicamente-en-estonia\/"]}]},{"@type":"ImageObject","inLanguage":"es","@id":"https:\/\/unicount.eu\/es\/registro-y-baja-del-iva-para-empresas-residentes-electronicamente-en-estonia\/#primaryimage","url":"https:\/\/unicount.eu\/wp-content\/uploads\/2024\/12\/shutterstock_2550639957.jpg","contentUrl":"https:\/\/unicount.eu\/wp-content\/uploads\/2024\/12\/shutterstock_2550639957.jpg","width":1280,"height":853,"caption":"VAT Registration"},{"@type":"BreadcrumbList","@id":"https:\/\/unicount.eu\/es\/registro-y-baja-del-iva-para-empresas-residentes-electronicamente-en-estonia\/#breadcrumb","itemListElement":[{"@type":"ListItem","position":1,"name":"Home","item":"https:\/\/unicount.eu\/es\/"},{"@type":"ListItem","position":2,"name":"Registro y baja del IVA para empresas residentes electr\u00f3nicamente en Estonia"}]},{"@type":"WebSite","@id":"https:\/\/unicount.eu\/es\/#website","url":"https:\/\/unicount.eu\/es\/","name":"Unicount","description":"The simplest way to start an Estonian company","publisher":{"@id":"https:\/\/unicount.eu\/es\/#organization"},"potentialAction":[{"@type":"SearchAction","target":{"@type":"EntryPoint","urlTemplate":"https:\/\/unicount.eu\/es\/?s={search_term_string}"},"query-input":{"@type":"PropertyValueSpecification","valueRequired":true,"valueName":"search_term_string"}}],"inLanguage":"es"},{"@type":"Organization","@id":"https:\/\/unicount.eu\/es\/#organization","name":"Unicount O\u00dc","url":"https:\/\/unicount.eu\/es\/","logo":{"@type":"ImageObject","inLanguage":"es","@id":"https:\/\/unicount.eu\/es\/#\/schema\/logo\/image\/","url":"https:\/\/unicount.eu\/wp-content\/uploads\/2019\/10\/unicount-logo-002.jpg","contentUrl":"https:\/\/unicount.eu\/wp-content\/uploads\/2019\/10\/unicount-logo-002.jpg","width":1380,"height":288,"caption":"Unicount O\u00dc"},"image":{"@id":"https:\/\/unicount.eu\/es\/#\/schema\/logo\/image\/"},"sameAs":["https:\/\/www.facebook.com\/unicount\/","https:\/\/x.com\/unicountestonia","https:\/\/www.linkedin.com\/company\/unicount","https:\/\/www.youtube.com\/channel\/UCSV5_VgpIIAUyLWhjeXY8vQ"]},{"@type":"Person","@id":"https:\/\/unicount.eu\/es\/#\/schema\/person\/19ef7f858aecd2747eb5c3725ffefe44","name":"Adam Rang","image":{"@type":"ImageObject","inLanguage":"es","@id":"https:\/\/unicount.eu\/es\/#\/schema\/person\/image\/","url":"https:\/\/secure.gravatar.com\/avatar\/98076fae2409f39cf6d8638ec8eef64617acb4ae6915f1d2c401d2814f98db00?s=96&d=mm&r=g","contentUrl":"https:\/\/secure.gravatar.com\/avatar\/98076fae2409f39cf6d8638ec8eef64617acb4ae6915f1d2c401d2814f98db00?s=96&d=mm&r=g","caption":"Adam Rang"},"description":"Communication director","url":"https:\/\/unicount.eu\/es\/author\/ivar\/"}]}},"_links":{"self":[{"href":"https:\/\/unicount.eu\/es\/wp-json\/wp\/v2\/posts\/23259","targetHints":{"allow":["GET"]}}],"collection":[{"href":"https:\/\/unicount.eu\/es\/wp-json\/wp\/v2\/posts"}],"about":[{"href":"https:\/\/unicount.eu\/es\/wp-json\/wp\/v2\/types\/post"}],"author":[{"embeddable":true,"href":"https:\/\/unicount.eu\/es\/wp-json\/wp\/v2\/users\/2"}],"replies":[{"embeddable":true,"href":"https:\/\/unicount.eu\/es\/wp-json\/wp\/v2\/comments?post=23259"}],"version-history":[{"count":2,"href":"https:\/\/unicount.eu\/es\/wp-json\/wp\/v2\/posts\/23259\/revisions"}],"predecessor-version":[{"id":23262,"href":"https:\/\/unicount.eu\/es\/wp-json\/wp\/v2\/posts\/23259\/revisions\/23262"}],"wp:featuredmedia":[{"embeddable":true,"href":"https:\/\/unicount.eu\/es\/wp-json\/wp\/v2\/media\/23229"}],"wp:attachment":[{"href":"https:\/\/unicount.eu\/es\/wp-json\/wp\/v2\/media?parent=23259"}],"wp:term":[{"taxonomy":"category","embeddable":true,"href":"https:\/\/unicount.eu\/es\/wp-json\/wp\/v2\/categories?post=23259"},{"taxonomy":"post_tag","embeddable":true,"href":"https:\/\/unicount.eu\/es\/wp-json\/wp\/v2\/tags?post=23259"}],"curies":[{"name":"wp","href":"https:\/\/api.w.org\/{rel}","templated":true}]}}